{"id":148,"date":"2024-11-11T18:51:56","date_gmt":"2024-11-11T17:51:56","guid":{"rendered":"https:\/\/kleeblatt.lu\/?p=148"},"modified":"2024-11-16T18:14:48","modified_gmt":"2024-11-16T17:14:48","slug":"op-der-permesknupp-chapelle-saint-pirmin-pirminuskapelle","status":"publish","type":"post","link":"https:\/\/kleeblatt.lu\/?p=148","title":{"rendered":"Op der P\u00ebrmesknupp &#8211; Chapelle Saint Pirmin &#8211; Pirminuskapelle"},"content":{"rendered":"\n<p>Bei Kauneref, Esch-Sauer a Wolz. <\/p>\n\n\n\n<figure class=\"wp-block-embed is-type-rich is-provider-flickr wp-block-embed-flickr\"><div class=\"wp-block-embed__wrapper\">\n<a data-flickr-embed='true' href='https:\/\/www.flickr.com\/photos\/198065898@N05\/albums\/72177720321860492\/' title='P\u00ebrmesknupp - Chapelle Saint-Pirmin by Alainklee, on Flickr'><img src='https:\/\/live.staticflickr.com\/65535\/54133064369_c562e693e5_c.jpg' width='800' height='600' alt='DSC06893'><\/a><script async src='https:\/\/embedr.flickr.com\/assets\/client-code.js' charset='utf-8'><\/script>\n<\/div><\/figure>\n\n\n\n<p>D&rsquo;Kapell an d&rsquo;Quell vum H\u00ebllege Pirminus, bei Kauneref.<\/p>\n\n\n\n<p>La chapelle, la m\u00e9tairie et la source b\u00e9nie par le Saint pr\u00e9s de Kaundorf (Luxembourg, commune de la Haute-S\u00fbre). Lorsqu&rsquo;au VIIIe si\u00e8cle &#8211; vers 720 &#8211; Saint Pirmin passa la source en voyage, il lava ses yeux malades avec l&rsquo;eau de source et ils furent gu\u00e9ris. Il a b\u00e9ni les sources au nom de Dieu. <br>Ainsi, cette source pa\u00efenne a \u00e9t\u00e9 christianis\u00e9e et les gens ont v\u00e9n\u00e9r\u00e9 ce lieu au cours des si\u00e8cles.<\/p>\n\n\n\n<h2 class=\"wp-block-heading\">Links<\/h2>\n\n\n\n<ul class=\"wp-block-list\">\n<li><a href=\"https:\/\/fr.stpirminkaundorf.lu\/\" target=\"_blank\" rel=\"noreferrer noopener\">P\u00ebrmesfrenn &#8211; Amis de Saint Pirmin<\/a><\/li>\n\n\n\n<li><a href=\"https:\/\/fr.wikipedia.org\/wiki\/Saint_Pirmin\" target=\"_blank\" rel=\"noreferrer noopener\">Saint Pirmin (Wikipedia fran\u00e7ais)<\/a><\/li>\n<\/ul>\n\n\n\n<p><\/p>\n","protected":false},"excerpt":{"rendered":"<p>Bei Kauneref, Esch-Sauer a Wolz. D&rsquo;Kapell an d&rsquo;Quell vum H\u00ebllege Pirminus, bei Kauneref. La chapelle, la m\u00e9tairie et la source &hellip; <a href=\"https:\/\/kleeblatt.lu\/?p=148\" class=\"more-link\">More <span class=\"screen-reader-text\">Op der P\u00ebrmesknupp &#8211; Chapelle Saint Pirmin &#8211; Pirminuskapelle<\/span> <span class=\"meta-nav\">&rarr;<\/span><\/a><\/p>\n","protected":false},"author":2,"featured_media":150,"comment_status":"closed","ping_status":"closed","sticky":false,"template":"","format":"standard","meta":{"footnotes":""},"categories":[4],"tags":[26],"class_list":["post-148","post","type-post","status-publish","format-standard","has-post-thumbnail","hentry","category-photos","tag-automne"],"_links":{"self":[{"href":"https:\/\/kleeblatt.lu\/index.php?rest_route=\/wp\/v2\/posts\/148","targetHints":{"allow":["GET"]}}],"collection":[{"href":"https:\/\/kleeblatt.lu\/index.php?rest_route=\/wp\/v2\/posts"}],"about":[{"href":"https:\/\/kleeblatt.lu\/index.php?rest_route=\/wp\/v2\/types\/post"}],"author":[{"embeddable":true,"href":"https:\/\/kleeblatt.lu\/index.php?rest_route=\/wp\/v2\/users\/2"}],"replies":[{"embeddable":true,"href":"https:\/\/kleeblatt.lu\/index.php?rest_route=%2Fwp%2Fv2%2Fcomments&post=148"}],"version-history":[{"count":4,"href":"https:\/\/kleeblatt.lu\/index.php?rest_route=\/wp\/v2\/posts\/148\/revisions"}],"predecessor-version":[{"id":154,"href":"https:\/\/kleeblatt.lu\/index.php?rest_route=\/wp\/v2\/posts\/148\/revisions\/154"}],"wp:featuredmedia":[{"embeddable":true,"href":"https:\/\/kleeblatt.lu\/index.php?rest_route=\/wp\/v2\/media\/150"}],"wp:attachment":[{"href":"https:\/\/kleeblatt.lu\/index.php?rest_route=%2Fwp%2Fv2%2Fmedia&parent=148"}],"wp:term":[{"taxonomy":"category","embeddable":true,"href":"https:\/\/kleeblatt.lu\/index.php?rest_route=%2Fwp%2Fv2%2Fcategories&post=148"},{"taxonomy":"post_tag","embeddable":true,"href":"https:\/\/kleeblatt.lu\/index.php?rest_route=%2Fwp%2Fv2%2Ftags&post=148"}],"curies":[{"name":"wp","href":"https:\/\/api.w.org\/{rel}","templated":true}]}}