{"id":93,"date":"2024-01-18T10:57:15","date_gmt":"2024-01-18T09:57:15","guid":{"rendered":"https:\/\/kleeblatt.lu\/?p=93"},"modified":"2024-11-02T13:42:00","modified_gmt":"2024-11-02T12:42:00","slug":"material-aus-dem-nationale-grouwemusee-vu-remeleng","status":"publish","type":"post","link":"https:\/\/kleeblatt.lu\/?p=93","title":{"rendered":"Am Nationale Grouwemus\u00e9e vu R\u00ebmeleng"},"content":{"rendered":"\n<p>Une partie du mat\u00e9riel des anciennes mines de fer du Luxembourg et de Lorraine expos\u00e9 au Mus\u00e9e national des Mines de Rumelange (G.D. de Luxembourg).<\/p>\n\n\n\n<figure class=\"wp-block-embed is-type-rich is-provider-flickr wp-block-embed-flickr\"><div class=\"wp-block-embed__wrapper\">\n<a data-flickr-embed='true' href='https:\/\/www.flickr.com\/photos\/198065898@N05\/albums\/72177720314154786' title='Mus\u00e9e national des Mines Rumelange by Alainklee, on Flickr'><img src='https:\/\/live.staticflickr.com\/65535\/53471610474_c1e1f1a911_c.jpg' width='800' height='600' alt='DSC02610'><\/a><script async src='https:\/\/embedr.flickr.com\/assets\/client-code.js' charset='utf-8'><\/script>\n<\/div><\/figure>\n\n\n<div class=\"wp-block-image\">\n<figure class=\"aligncenter size-full\"><a href=\"https:\/\/www.mnm.lu\/\" target=\"_blank\" rel=\"noreferrer noopener\"><img loading=\"lazy\" decoding=\"async\" width=\"302\" height=\"120\" src=\"https:\/\/kleeblatt.lu\/wp-content\/uploads\/2024\/01\/logo_mnm.png\" alt=\"\" class=\"wp-image-44\" srcset=\"https:\/\/kleeblatt.lu\/wp-content\/uploads\/2024\/01\/logo_mnm.png 302w, https:\/\/kleeblatt.lu\/wp-content\/uploads\/2024\/01\/logo_mnm-300x119.png 300w\" sizes=\"auto, (max-width: 302px) 100vw, 302px\" \/><\/a><\/figure>\n<\/div>","protected":false},"excerpt":{"rendered":"<p>Une partie du mat\u00e9riel des anciennes mines de fer du Luxembourg et de Lorraine expos\u00e9 au Mus\u00e9e national des Mines &hellip; <a href=\"https:\/\/kleeblatt.lu\/?p=93\" class=\"more-link\">More <span class=\"screen-reader-text\">Am Nationale Grouwemus\u00e9e vu R\u00ebmeleng<\/span> <span class=\"meta-nav\">&rarr;<\/span><\/a><\/p>\n","protected":false},"author":2,"featured_media":141,"comment_status":"closed","ping_status":"","sticky":false,"template":"","format":"standard","meta":{"footnotes":""},"categories":[4],"tags":[18,14],"class_list":["post-93","post","type-post","status-publish","format-standard","has-post-thumbnail","hentry","category-photos","tag-remeleng","tag-visit-minett"],"_links":{"self":[{"href":"https:\/\/kleeblatt.lu\/index.php?rest_route=\/wp\/v2\/posts\/93","targetHints":{"allow":["GET"]}}],"collection":[{"href":"https:\/\/kleeblatt.lu\/index.php?rest_route=\/wp\/v2\/posts"}],"about":[{"href":"https:\/\/kleeblatt.lu\/index.php?rest_route=\/wp\/v2\/types\/post"}],"author":[{"embeddable":true,"href":"https:\/\/kleeblatt.lu\/index.php?rest_route=\/wp\/v2\/users\/2"}],"replies":[{"embeddable":true,"href":"https:\/\/kleeblatt.lu\/index.php?rest_route=%2Fwp%2Fv2%2Fcomments&post=93"}],"version-history":[{"count":4,"href":"https:\/\/kleeblatt.lu\/index.php?rest_route=\/wp\/v2\/posts\/93\/revisions"}],"predecessor-version":[{"id":99,"href":"https:\/\/kleeblatt.lu\/index.php?rest_route=\/wp\/v2\/posts\/93\/revisions\/99"}],"wp:featuredmedia":[{"embeddable":true,"href":"https:\/\/kleeblatt.lu\/index.php?rest_route=\/wp\/v2\/media\/141"}],"wp:attachment":[{"href":"https:\/\/kleeblatt.lu\/index.php?rest_route=%2Fwp%2Fv2%2Fmedia&parent=93"}],"wp:term":[{"taxonomy":"category","embeddable":true,"href":"https:\/\/kleeblatt.lu\/index.php?rest_route=%2Fwp%2Fv2%2Fcategories&post=93"},{"taxonomy":"post_tag","embeddable":true,"href":"https:\/\/kleeblatt.lu\/index.php?rest_route=%2Fwp%2Fv2%2Ftags&post=93"}],"curies":[{"name":"wp","href":"https:\/\/api.w.org\/{rel}","templated":true}]}}